{"id":698,"date":"2024-09-12T12:09:16","date_gmt":"2024-09-12T12:09:16","guid":{"rendered":"https:\/\/www.gundemayvalik.com\/?p=698"},"modified":"2024-09-12T12:11:03","modified_gmt":"2024-09-12T12:11:03","slug":"ayvalikta-narin-icin-adalet-cigligi-uzgunuz-ofkeliyiz-susmayacagiz","status":"publish","type":"post","link":"http:\/\/www.gundemayvalik.com\/index.php\/2024\/09\/12\/ayvalikta-narin-icin-adalet-cigligi-uzgunuz-ofkeliyiz-susmayacagiz\/","title":{"rendered":"Ayval\u0131k\u2019ta Narin \u0130\u00e7in Adalet \u00c7\u0131\u011fl\u0131\u011f\u0131: &#8220;\u00dczg\u00fcn\u00fcz, \u00d6fkeliyiz, Susmayaca\u011f\u0131z!&#8221;"},"content":{"rendered":"\n<figure class=\"wp-block-gallery has-nested-images columns-default is-cropped wp-block-gallery-1 is-layout-flex wp-block-gallery-is-layout-flex\">\n<figure class=\"wp-block-image size-large\"><img fetchpriority=\"high\" decoding=\"async\" width=\"576\" height=\"1024\" data-id=\"699\" src=\"https:\/\/www.gundemayvalik.com\/wp-content\/uploads\/2024\/09\/WhatsApp-Image-2024-09-10-at-15.54.12-576x1024.jpeg\" alt=\"\" class=\"wp-image-699\" srcset=\"http:\/\/www.gundemayvalik.com\/wp-content\/uploads\/2024\/09\/WhatsApp-Image-2024-09-10-at-15.54.12-576x1024.jpeg 576w, http:\/\/www.gundemayvalik.com\/wp-content\/uploads\/2024\/09\/WhatsApp-Image-2024-09-10-at-15.54.12-169x300.jpeg 169w, http:\/\/www.gundemayvalik.com\/wp-content\/uploads\/2024\/09\/WhatsApp-Image-2024-09-10-at-15.54.12-768x1365.jpeg 768w, http:\/\/www.gundemayvalik.com\/wp-content\/uploads\/2024\/09\/WhatsApp-Image-2024-09-10-at-15.54.12-864x1536.jpeg 864w, http:\/\/www.gundemayvalik.com\/wp-content\/uploads\/2024\/09\/WhatsApp-Image-2024-09-10-at-15.54.12.jpeg 1152w\" sizes=\"(max-width: 576px) 100vw, 576px\" \/><\/figure>\n\n\n\n<figure class=\"wp-block-image size-large\"><img decoding=\"async\" width=\"576\" height=\"1024\" data-id=\"701\" src=\"https:\/\/www.gundemayvalik.com\/wp-content\/uploads\/2024\/09\/WhatsApp-Image-2024-09-10-at-15.54.13-1-576x1024.jpeg\" alt=\"\" class=\"wp-image-701\" srcset=\"http:\/\/www.gundemayvalik.com\/wp-content\/uploads\/2024\/09\/WhatsApp-Image-2024-09-10-at-15.54.13-1-576x1024.jpeg 576w, http:\/\/www.gundemayvalik.com\/wp-content\/uploads\/2024\/09\/WhatsApp-Image-2024-09-10-at-15.54.13-1-169x300.jpeg 169w, http:\/\/www.gundemayvalik.com\/wp-content\/uploads\/2024\/09\/WhatsApp-Image-2024-09-10-at-15.54.13-1-768x1365.jpeg 768w, http:\/\/www.gundemayvalik.com\/wp-content\/uploads\/2024\/09\/WhatsApp-Image-2024-09-10-at-15.54.13-1-864x1536.jpeg 864w, http:\/\/www.gundemayvalik.com\/wp-content\/uploads\/2024\/09\/WhatsApp-Image-2024-09-10-at-15.54.13-1.jpeg 1152w\" sizes=\"(max-width: 576px) 100vw, 576px\" \/><\/figure>\n\n\n\n<figure class=\"wp-block-image size-large\"><img decoding=\"async\" width=\"768\" height=\"1024\" data-id=\"703\" src=\"https:\/\/www.gundemayvalik.com\/wp-content\/uploads\/2024\/09\/WhatsApp-Image-2024-09-10-at-15.54.13-2-768x1024.jpeg\" alt=\"\" class=\"wp-image-703\" srcset=\"http:\/\/www.gundemayvalik.com\/wp-content\/uploads\/2024\/09\/WhatsApp-Image-2024-09-10-at-15.54.13-2-768x1024.jpeg 768w, http:\/\/www.gundemayvalik.com\/wp-content\/uploads\/2024\/09\/WhatsApp-Image-2024-09-10-at-15.54.13-2-225x300.jpeg 225w, http:\/\/www.gundemayvalik.com\/wp-content\/uploads\/2024\/09\/WhatsApp-Image-2024-09-10-at-15.54.13-2-1152x1536.jpeg 1152w, http:\/\/www.gundemayvalik.com\/wp-content\/uploads\/2024\/09\/WhatsApp-Image-2024-09-10-at-15.54.13-2.jpeg 1536w\" sizes=\"(max-width: 768px) 100vw, 768px\" \/><\/figure>\n\n\n\n<figure class=\"wp-block-image size-large\"><img loading=\"lazy\" decoding=\"async\" width=\"576\" height=\"1024\" data-id=\"702\" src=\"https:\/\/www.gundemayvalik.com\/wp-content\/uploads\/2024\/09\/WhatsApp-Image-2024-09-10-at-15.54.13-3-576x1024.jpeg\" alt=\"\" class=\"wp-image-702\" srcset=\"http:\/\/www.gundemayvalik.com\/wp-content\/uploads\/2024\/09\/WhatsApp-Image-2024-09-10-at-15.54.13-3-576x1024.jpeg 576w, http:\/\/www.gundemayvalik.com\/wp-content\/uploads\/2024\/09\/WhatsApp-Image-2024-09-10-at-15.54.13-3-169x300.jpeg 169w, http:\/\/www.gundemayvalik.com\/wp-content\/uploads\/2024\/09\/WhatsApp-Image-2024-09-10-at-15.54.13-3-768x1365.jpeg 768w, http:\/\/www.gundemayvalik.com\/wp-content\/uploads\/2024\/09\/WhatsApp-Image-2024-09-10-at-15.54.13-3-864x1536.jpeg 864w, http:\/\/www.gundemayvalik.com\/wp-content\/uploads\/2024\/09\/WhatsApp-Image-2024-09-10-at-15.54.13-3.jpeg 1152w\" sizes=\"(max-width: 576px) 100vw, 576px\" \/><\/figure>\n\n\n\n<figure class=\"wp-block-image size-large\"><img loading=\"lazy\" decoding=\"async\" width=\"768\" height=\"1024\" data-id=\"704\" src=\"https:\/\/www.gundemayvalik.com\/wp-content\/uploads\/2024\/09\/WhatsApp-Image-2024-09-10-at-15.54.14-1-768x1024.jpeg\" alt=\"\" class=\"wp-image-704\" srcset=\"http:\/\/www.gundemayvalik.com\/wp-content\/uploads\/2024\/09\/WhatsApp-Image-2024-09-10-at-15.54.14-1-768x1024.jpeg 768w, http:\/\/www.gundemayvalik.com\/wp-content\/uploads\/2024\/09\/WhatsApp-Image-2024-09-10-at-15.54.14-1-225x300.jpeg 225w, http:\/\/www.gundemayvalik.com\/wp-content\/uploads\/2024\/09\/WhatsApp-Image-2024-09-10-at-15.54.14-1-1152x1536.jpeg 1152w, http:\/\/www.gundemayvalik.com\/wp-content\/uploads\/2024\/09\/WhatsApp-Image-2024-09-10-at-15.54.14-1.jpeg 1536w\" sizes=\"(max-width: 768px) 100vw, 768px\" \/><\/figure>\n\n\n\n<figure class=\"wp-block-image size-large\"><img loading=\"lazy\" decoding=\"async\" width=\"768\" height=\"1024\" data-id=\"706\" src=\"https:\/\/www.gundemayvalik.com\/wp-content\/uploads\/2024\/09\/WhatsApp-Image-2024-09-10-at-15.54.14-768x1024.jpeg\" alt=\"\" class=\"wp-image-706\" srcset=\"http:\/\/www.gundemayvalik.com\/wp-content\/uploads\/2024\/09\/WhatsApp-Image-2024-09-10-at-15.54.14-768x1024.jpeg 768w, http:\/\/www.gundemayvalik.com\/wp-content\/uploads\/2024\/09\/WhatsApp-Image-2024-09-10-at-15.54.14-225x300.jpeg 225w, http:\/\/www.gundemayvalik.com\/wp-content\/uploads\/2024\/09\/WhatsApp-Image-2024-09-10-at-15.54.14-1152x1536.jpeg 1152w, http:\/\/www.gundemayvalik.com\/wp-content\/uploads\/2024\/09\/WhatsApp-Image-2024-09-10-at-15.54.14.jpeg 1536w\" sizes=\"(max-width: 768px) 100vw, 768px\" \/><\/figure>\n\n\n\n<figure class=\"wp-block-image size-large\"><img loading=\"lazy\" decoding=\"async\" width=\"768\" height=\"1024\" data-id=\"707\" src=\"https:\/\/www.gundemayvalik.com\/wp-content\/uploads\/2024\/09\/WhatsApp-Image-2024-09-10-at-15.54.15-768x1024.jpeg\" alt=\"\" class=\"wp-image-707\" srcset=\"http:\/\/www.gundemayvalik.com\/wp-content\/uploads\/2024\/09\/WhatsApp-Image-2024-09-10-at-15.54.15-768x1024.jpeg 768w, http:\/\/www.gundemayvalik.com\/wp-content\/uploads\/2024\/09\/WhatsApp-Image-2024-09-10-at-15.54.15-225x300.jpeg 225w, http:\/\/www.gundemayvalik.com\/wp-content\/uploads\/2024\/09\/WhatsApp-Image-2024-09-10-at-15.54.15-1152x1536.jpeg 1152w, http:\/\/www.gundemayvalik.com\/wp-content\/uploads\/2024\/09\/WhatsApp-Image-2024-09-10-at-15.54.15.jpeg 1536w\" sizes=\"(max-width: 768px) 100vw, 768px\" \/><\/figure>\n\n\n\n<figure class=\"wp-block-image size-large\"><img loading=\"lazy\" decoding=\"async\" width=\"768\" height=\"1024\" data-id=\"705\" src=\"https:\/\/www.gundemayvalik.com\/wp-content\/uploads\/2024\/09\/WhatsApp-Image-2024-09-10-at-15.54.16-768x1024.jpeg\" alt=\"\" class=\"wp-image-705\" srcset=\"http:\/\/www.gundemayvalik.com\/wp-content\/uploads\/2024\/09\/WhatsApp-Image-2024-09-10-at-15.54.16-768x1024.jpeg 768w, http:\/\/www.gundemayvalik.com\/wp-content\/uploads\/2024\/09\/WhatsApp-Image-2024-09-10-at-15.54.16-225x300.jpeg 225w, http:\/\/www.gundemayvalik.com\/wp-content\/uploads\/2024\/09\/WhatsApp-Image-2024-09-10-at-15.54.16-1152x1536.jpeg 1152w, http:\/\/www.gundemayvalik.com\/wp-content\/uploads\/2024\/09\/WhatsApp-Image-2024-09-10-at-15.54.16.jpeg 1536w\" sizes=\"(max-width: 768px) 100vw, 768px\" \/><\/figure>\n<\/figure>\n\n\n\n<p><\/p>\n\n\n\n<p>10 Eyl\u00fcl Sal\u0131 g\u00fcn\u00fc Ayval\u0131k Cumhuriyet Meydan\u0131\u2019nda, Ayval\u0131k Kad\u0131n \u0130nisiyatifi \u00f6nc\u00fcl\u00fc\u011f\u00fcnde toplanan kalabal\u0131k, &#8220;\u00dczg\u00fcn\u00fcz, \u00f6fkeliyiz, susmayaca\u011f\u0131z!&#8221; sloganlar\u0131yla 8 ya\u015f\u0131ndaki Narin G\u00fcran i\u00e7in adalet istedi. Diyarbak\u0131r\u2019\u0131n Ba\u011flar il\u00e7esinde 21 A\u011fustos\u2019tan bu yana kay\u0131p olan k\u00fc\u00e7\u00fck Narin\u2019in cans\u0131z bedeni, ya\u015fad\u0131\u011f\u0131 k\u00f6y\u00fcn bir kilometre uza\u011f\u0131nda E\u011fertutmaz Deresi\u2019nde, bir \u00e7uval i\u00e7inde bulunmu\u015ftu. T\u00fcrkiye genelinde b\u00fcy\u00fck yank\u0131 uyand\u0131ran bu trajik olay, toplumda derin bir \u00fcz\u00fcnt\u00fc ve \u00f6fkeye neden oldu.<\/p>\n\n\n\n<p>Ayval\u0131k\u2019ta bir araya gelen vatanda\u015flar, Narin\u2019in katledilmesi s\u00fcrecinde ihmali olan t\u00fcm sorumlular\u0131n ortaya \u00e7\u0131kar\u0131lmas\u0131n\u0131 ve en a\u011f\u0131r cezalara \u00e7arpt\u0131r\u0131lmalar\u0131n\u0131 talep etti. Protesto s\u0131ras\u0131nda s\u0131k\u00e7a dile getirilen &#8220;\u00c7ocuklar \u00f6lmesin!&#8221; ve &#8220;Narin i\u00e7in adalet istiyoruz!&#8221; mesajlar\u0131, toplumsal adalet aray\u0131\u015f\u0131n\u0131n g\u00fc\u00e7l\u00fc bir sembol\u00fc haline geldi.<\/p>\n\n\n\n<p>Ayval\u0131k Kad\u0131n \u0130nisiyatifi, konuya ili\u015fkin sosyal medya hesaplar\u0131ndan da destek \u00e7a\u011fr\u0131s\u0131nda bulunarak, yetkililerin bu t\u00fcr olaylar\u0131n bir daha ya\u015fanmamas\u0131 i\u00e7in acil ve kararl\u0131 ad\u0131mlar atmas\u0131 gerekti\u011fini vurgulad\u0131.<\/p>\n\n\n\n<p>Bu t\u00fcr vahim olaylar\u0131n ayd\u0131nlat\u0131lmas\u0131 ve sorumlular\u0131n adalet \u00f6n\u00fcnde hesap vermesi gerekti\u011fini belirten inisiyatif \u00fcyeleri, T\u00fcrkiye&#8217;nin d\u00f6rt bir yan\u0131nda benzer etkinliklerle seslerini duyurmaya devam edeceklerini ifade ettiler.<\/p>\n\n\n\n<p>Ayval\u0131k\u2019tan y\u00fckselen adalet \u00e7a\u011fr\u0131s\u0131, T\u00fcrkiye&#8217;nin d\u00f6rt bir yan\u0131ndaki vatanda\u015flar\u0131 \u00e7ocuklar i\u00e7in daha g\u00fcvenli bir gelecek istemeye te\u015fvik ediyor.<\/p>\n\n\n\n<p>G\u00fcnerkenAyval\u0131k<\/p>\n","protected":false},"excerpt":{"rendered":"<p>10 Eyl\u00fcl Sal\u0131 g\u00fcn\u00fc Ayval\u0131k Cumhuriyet Meydan\u0131\u2019nda, Ayval\u0131k Kad\u0131n \u0130nisiyatifi \u00f6nc\u00fcl\u00fc\u011f\u00fcnde toplanan kalabal\u0131k, &#8220;\u00dczg\u00fcn\u00fcz, \u00f6fkeliyiz, susmayaca\u011f\u0131z!&#8221; sloganlar\u0131yla 8 ya\u015f\u0131ndaki Narin G\u00fcran i\u00e7in adalet istedi. Diyarbak\u0131r\u2019\u0131n Ba\u011flar il\u00e7esinde 21 A\u011fustos\u2019tan bu yana kay\u0131p olan k\u00fc\u00e7\u00fck Narin\u2019in cans\u0131z bedeni, ya\u015fad\u0131\u011f\u0131 k\u00f6y\u00fcn bir kilometre uza\u011f\u0131nda E\u011fertutmaz Deresi\u2019nde, bir \u00e7uval i\u00e7inde bulunmu\u015ftu. T\u00fcrkiye genelinde b\u00fcy\u00fck yank\u0131 uyand\u0131ran bu trajik [&hellip;]<\/p>\n","protected":false},"author":2,"featured_media":700,"comment_status":"open","ping_status":"open","sticky":false,"template":"","format":"standard","meta":{"sb_editor_width":"","footnotes":""},"categories":[1],"tags":[29,28,18,90],"relative_dates":{"created":"2 sene ago","modified":"2 sene ago"},"_links":{"self":[{"href":"http:\/\/www.gundemayvalik.com\/index.php\/wp-json\/wp\/v2\/posts\/698"}],"collection":[{"href":"http:\/\/www.gundemayvalik.com\/index.php\/wp-json\/wp\/v2\/posts"}],"about":[{"href":"http:\/\/www.gundemayvalik.com\/index.php\/wp-json\/wp\/v2\/types\/post"}],"author":[{"embeddable":true,"href":"http:\/\/www.gundemayvalik.com\/index.php\/wp-json\/wp\/v2\/users\/2"}],"replies":[{"embeddable":true,"href":"http:\/\/www.gundemayvalik.com\/index.php\/wp-json\/wp\/v2\/comments?post=698"}],"version-history":[{"count":1,"href":"http:\/\/www.gundemayvalik.com\/index.php\/wp-json\/wp\/v2\/posts\/698\/revisions"}],"predecessor-version":[{"id":708,"href":"http:\/\/www.gundemayvalik.com\/index.php\/wp-json\/wp\/v2\/posts\/698\/revisions\/708"}],"wp:featuredmedia":[{"embeddable":true,"href":"http:\/\/www.gundemayvalik.com\/index.php\/wp-json\/wp\/v2\/media\/700"}],"wp:attachment":[{"href":"http:\/\/www.gundemayvalik.com\/index.php\/wp-json\/wp\/v2\/media?parent=698"}],"wp:term":[{"taxonomy":"category","embeddable":true,"href":"http:\/\/www.gundemayvalik.com\/index.php\/wp-json\/wp\/v2\/categories?post=698"},{"taxonomy":"post_tag","embeddable":true,"href":"http:\/\/www.gundemayvalik.com\/index.php\/wp-json\/wp\/v2\/tags?post=698"}],"curies":[{"name":"wp","href":"https:\/\/api.w.org\/{rel}","templated":true}]}}