{"id":685,"date":"2024-06-13T12:32:20","date_gmt":"2024-06-13T12:32:20","guid":{"rendered":"https:\/\/www.gundemayvalik.com\/?p=685"},"modified":"2024-06-13T12:32:20","modified_gmt":"2024-06-13T12:32:20","slug":"pirina-kokusuna-mahkeme-karar-verdi","status":"publish","type":"post","link":"http:\/\/www.gundemayvalik.com\/index.php\/2024\/06\/13\/pirina-kokusuna-mahkeme-karar-verdi\/","title":{"rendered":"Pirina Kokusuna Mahkeme Karar Verdi"},"content":{"rendered":"\n<figure class=\"wp-block-gallery has-nested-images columns-default is-cropped wp-block-gallery-1 is-layout-flex wp-block-gallery-is-layout-flex\">\n<figure class=\"wp-block-image size-large\"><img fetchpriority=\"high\" decoding=\"async\" width=\"768\" height=\"1024\" data-id=\"687\" src=\"https:\/\/www.gundemayvalik.com\/wp-content\/uploads\/2024\/06\/WhatsApp-Image-2024-06-11-at-23.35.37-1-768x1024.jpeg\" alt=\"\" class=\"wp-image-687\" srcset=\"http:\/\/www.gundemayvalik.com\/wp-content\/uploads\/2024\/06\/WhatsApp-Image-2024-06-11-at-23.35.37-1-768x1024.jpeg 768w, http:\/\/www.gundemayvalik.com\/wp-content\/uploads\/2024\/06\/WhatsApp-Image-2024-06-11-at-23.35.37-1-225x300.jpeg 225w, http:\/\/www.gundemayvalik.com\/wp-content\/uploads\/2024\/06\/WhatsApp-Image-2024-06-11-at-23.35.37-1-1152x1536.jpeg 1152w, http:\/\/www.gundemayvalik.com\/wp-content\/uploads\/2024\/06\/WhatsApp-Image-2024-06-11-at-23.35.37-1.jpeg 1511w\" sizes=\"(max-width: 768px) 100vw, 768px\" \/><\/figure>\n\n\n\n<figure class=\"wp-block-image size-large\"><img decoding=\"async\" width=\"960\" height=\"720\" data-id=\"689\" src=\"https:\/\/www.gundemayvalik.com\/wp-content\/uploads\/2024\/06\/WhatsApp-Image-2024-06-11-at-23.35.38-1-1.jpeg\" alt=\"\" class=\"wp-image-689\" srcset=\"http:\/\/www.gundemayvalik.com\/wp-content\/uploads\/2024\/06\/WhatsApp-Image-2024-06-11-at-23.35.38-1-1.jpeg 960w, http:\/\/www.gundemayvalik.com\/wp-content\/uploads\/2024\/06\/WhatsApp-Image-2024-06-11-at-23.35.38-1-1-300x225.jpeg 300w, http:\/\/www.gundemayvalik.com\/wp-content\/uploads\/2024\/06\/WhatsApp-Image-2024-06-11-at-23.35.38-1-1-768x576.jpeg 768w\" sizes=\"(max-width: 960px) 100vw, 960px\" \/><\/figure>\n\n\n\n<figure class=\"wp-block-image size-large\"><img decoding=\"async\" width=\"960\" height=\"720\" data-id=\"688\" src=\"https:\/\/www.gundemayvalik.com\/wp-content\/uploads\/2024\/06\/WhatsApp-Image-2024-06-11-at-23.35.38-2.jpeg\" alt=\"\" class=\"wp-image-688\" srcset=\"http:\/\/www.gundemayvalik.com\/wp-content\/uploads\/2024\/06\/WhatsApp-Image-2024-06-11-at-23.35.38-2.jpeg 960w, http:\/\/www.gundemayvalik.com\/wp-content\/uploads\/2024\/06\/WhatsApp-Image-2024-06-11-at-23.35.38-2-300x225.jpeg 300w, http:\/\/www.gundemayvalik.com\/wp-content\/uploads\/2024\/06\/WhatsApp-Image-2024-06-11-at-23.35.38-2-768x576.jpeg 768w\" sizes=\"(max-width: 960px) 100vw, 960px\" \/><\/figure>\n<\/figure>\n\n\n\n<p><\/p>\n\n\n\n<p>Bal\u0131kesir 2. \u0130dare Mahkemesi, Do\u011fu\u015f Pirina Fabrikas\u0131n\u0131n \u00e7evre izin ve lisans belgesinin iptali i\u00e7in Ayval\u0131k Belediyesi taraf\u0131ndan a\u00e7\u0131lan davada nihai karara vard\u0131. Y\u0131llard\u0131r Ayval\u0131k halk\u0131 ve sivil toplum kurulu\u015flar\u0131n\u0131n protesto etti\u011fi pirina kokusu, fabrikan\u0131n \u00e7evre izin lisans\u0131n\u0131n iptaliyle sona erdi.<\/p>\n\n\n\n<p>Pirina kokusunun Ayval\u0131k halk\u0131 i\u00e7in b\u00fcy\u00fck bir s\u0131k\u0131nt\u0131 oldu\u011fu uzun y\u0131llard\u0131r biliniyordu. Sivil toplum kurulu\u015flar\u0131 ve vatanda\u015flar, y\u0131llard\u0131r bu durumu protesto ediyordu. Do\u011fu\u015f Pirina Fabrikas\u0131n\u0131n \u00e7evre izin lisans\u0131n\u0131n iptali i\u00e7in Ayval\u0131k Belediyesi ve Ayval\u0131k Tabiat Platformu&#8217;nun m\u00fcdahil oldu\u011fu dava, \u00e7evreye duyarl\u0131 vatanda\u015flar ve STK&#8217;lar i\u00e7in b\u00fcy\u00fck bir zafer olarak nitelendirildi.<\/p>\n\n\n\n<p>Bu karar, Ayval\u0131k halk\u0131na temiz hava ve \u00e7i\u00e7ek kokusu vaat ediyor. Ayval\u0131k Tabiat Platformu ve Ayval\u0131k Belediyesi, bu \u00f6nemli karar\u0131n al\u0131nmas\u0131nda eme\u011fi ge\u00e7en herkese te\u015fekk\u00fcr ederek, \u00e7evre ve halk sa\u011fl\u0131\u011f\u0131 i\u00e7in m\u00fccadele etmeye devam edeceklerini belirttiler.<\/p>\n\n\n\n<p><strong>G\u00fcnerkenAyval\u0131k<\/strong><\/p>\n","protected":false},"excerpt":{"rendered":"<p>Bal\u0131kesir 2. \u0130dare Mahkemesi, Do\u011fu\u015f Pirina Fabrikas\u0131n\u0131n \u00e7evre izin ve lisans belgesinin iptali i\u00e7in Ayval\u0131k Belediyesi taraf\u0131ndan a\u00e7\u0131lan davada nihai karara vard\u0131. Y\u0131llard\u0131r Ayval\u0131k halk\u0131 ve sivil toplum kurulu\u015flar\u0131n\u0131n protesto etti\u011fi pirina kokusu, fabrikan\u0131n \u00e7evre izin lisans\u0131n\u0131n iptaliyle sona erdi. Pirina kokusunun Ayval\u0131k halk\u0131 i\u00e7in b\u00fcy\u00fck bir s\u0131k\u0131nt\u0131 oldu\u011fu uzun y\u0131llard\u0131r biliniyordu. Sivil toplum kurulu\u015flar\u0131 [&hellip;]<\/p>\n","protected":false},"author":2,"featured_media":688,"comment_status":"open","ping_status":"open","sticky":false,"template":"","format":"standard","meta":{"sb_editor_width":"","footnotes":""},"categories":[1],"tags":[29,28,18,19,88],"relative_dates":{"created":"2 sene ago","modified":"2 sene ago"},"_links":{"self":[{"href":"http:\/\/www.gundemayvalik.com\/index.php\/wp-json\/wp\/v2\/posts\/685"}],"collection":[{"href":"http:\/\/www.gundemayvalik.com\/index.php\/wp-json\/wp\/v2\/posts"}],"about":[{"href":"http:\/\/www.gundemayvalik.com\/index.php\/wp-json\/wp\/v2\/types\/post"}],"author":[{"embeddable":true,"href":"http:\/\/www.gundemayvalik.com\/index.php\/wp-json\/wp\/v2\/users\/2"}],"replies":[{"embeddable":true,"href":"http:\/\/www.gundemayvalik.com\/index.php\/wp-json\/wp\/v2\/comments?post=685"}],"version-history":[{"count":1,"href":"http:\/\/www.gundemayvalik.com\/index.php\/wp-json\/wp\/v2\/posts\/685\/revisions"}],"predecessor-version":[{"id":690,"href":"http:\/\/www.gundemayvalik.com\/index.php\/wp-json\/wp\/v2\/posts\/685\/revisions\/690"}],"wp:featuredmedia":[{"embeddable":true,"href":"http:\/\/www.gundemayvalik.com\/index.php\/wp-json\/wp\/v2\/media\/688"}],"wp:attachment":[{"href":"http:\/\/www.gundemayvalik.com\/index.php\/wp-json\/wp\/v2\/media?parent=685"}],"wp:term":[{"taxonomy":"category","embeddable":true,"href":"http:\/\/www.gundemayvalik.com\/index.php\/wp-json\/wp\/v2\/categories?post=685"},{"taxonomy":"post_tag","embeddable":true,"href":"http:\/\/www.gundemayvalik.com\/index.php\/wp-json\/wp\/v2\/tags?post=685"}],"curies":[{"name":"wp","href":"https:\/\/api.w.org\/{rel}","templated":true}]}}