{"id":408,"date":"2023-12-05T11:12:12","date_gmt":"2023-12-05T11:12:12","guid":{"rendered":"https:\/\/www.gundemayvalik.com\/?p=408"},"modified":"2023-12-05T11:12:12","modified_gmt":"2023-12-05T11:12:12","slug":"marmara-denizinde-meydana-gelen-5-1-buyuklugundeki-deprem-panige-neden-oldu","status":"publish","type":"post","link":"http:\/\/www.gundemayvalik.com\/index.php\/2023\/12\/05\/marmara-denizinde-meydana-gelen-5-1-buyuklugundeki-deprem-panige-neden-oldu\/","title":{"rendered":"Marmara Denizi&#8217;nde Meydana Gelen 5.1 B\u00fcy\u00fckl\u00fc\u011f\u00fcndeki Deprem Pani\u011fe Neden Oldu"},"content":{"rendered":"\n<figure class=\"wp-block-gallery has-nested-images columns-default is-cropped wp-block-gallery-1 is-layout-flex wp-block-gallery-is-layout-flex\">\n<figure class=\"wp-block-image size-large\"><img fetchpriority=\"high\" decoding=\"async\" width=\"952\" height=\"540\" data-id=\"409\" src=\"https:\/\/www.gundemayvalik.com\/wp-content\/uploads\/2023\/12\/5DktKm7FwkmhClITRvlsGA.webp\" alt=\"\" class=\"wp-image-409\" srcset=\"http:\/\/www.gundemayvalik.com\/wp-content\/uploads\/2023\/12\/5DktKm7FwkmhClITRvlsGA.webp 952w, http:\/\/www.gundemayvalik.com\/wp-content\/uploads\/2023\/12\/5DktKm7FwkmhClITRvlsGA-300x170.webp 300w, http:\/\/www.gundemayvalik.com\/wp-content\/uploads\/2023\/12\/5DktKm7FwkmhClITRvlsGA-768x436.webp 768w\" sizes=\"(max-width: 952px) 100vw, 952px\" \/><\/figure>\n<\/figure>\n\n\n\n<p><\/p>\n\n\n\n<p><em><strong>Marmara B\u00f6lgesi&#8217;nde Ger\u00e7ekle\u015fen Deprem Bursa, \u0130stanbul ve \u00c7evre \u0130llerde Hissedildi<\/strong><\/em><\/p>\n\n\n\n<p>Marmara Denizi&#8217;nde TS\u0130 10.42&#8217;de meydana gelen 5.1 b\u00fcy\u00fckl\u00fc\u011f\u00fcndeki deprem, Bursa, \u0130stanbul ve \u00e7evre illerde pani\u011fe neden oldu. Afet ve Acil Durum Y\u00f6netimi Ba\u015fkanl\u0131\u011f\u0131 (AFAD) depremin b\u00fcy\u00fckl\u00fc\u011f\u00fcn\u00fc 5.1 olarak a\u00e7\u0131klarken, Bo\u011fazi\u00e7i \u00dcniversitesi Kandilli Rasathanesi ise 4.9 olarak \u00f6l\u00e7t\u00fc.<\/p>\n\n\n\n<p>AFAD, depremin merkez \u00fcss\u00fcn\u00fcn Bursa&#8217;n\u0131n Mudanya il\u00e7esi a\u00e7\u0131klar\u0131nda oldu\u011funu duyurdu. Deprem, Bursa&#8217;n\u0131n yan\u0131 s\u0131ra \u0130stanbul, Tekirda\u011f, \u00c7anakkale ve \u0130zmir gibi \u00e7evre illerde de hissedildi.<\/p>\n\n\n\n<p>Ayn\u0131 b\u00f6lgede, depremden 3 dakika sonra AFAD&#8217;a g\u00f6re 4.5 b\u00fcy\u00fckl\u00fc\u011f\u00fcnde bir art\u00e7\u0131 deprem daha meydana geldi. Yer bilimci Prof. Dr. Naci G\u00f6r\u00fcr, depremle ilgili yapt\u0131\u011f\u0131 a\u00e7\u0131klamada, &#8220;Deprem muhtemelen Zeytinba\u011f\u0131 Fay\u0131&#8217;n\u0131n Gemlik K\u00f6rfezi i\u00e7indeki k\u0131sm\u0131nda. Bu fay, Kuzey Anadolu Fay Hatt\u0131&#8217;n\u0131n g\u00fcney kolunun bir par\u00e7as\u0131. \u015eu an i\u00e7in bir s\u0131k\u0131nt\u0131 g\u00f6rm\u00fcyorum ancak Gemlik&#8217;te \u00f6nlem al\u0131narak bu yerle\u015fim alan\u0131 deprem diren\u00e7li hale getirilmelidir&#8221; \u015feklinde uyar\u0131larda bulundu.<\/p>\n\n\n\n<p>B\u00f6lgedeki yerel y\u00f6netimler ve sivil toplum kurulu\u015flar\u0131, depreme kar\u015f\u0131 al\u0131nmas\u0131 gereken \u00f6nlemleri de\u011ferlendirmek ad\u0131na harekete ge\u00e7erken, vatanda\u015flar da deprem sonras\u0131 olas\u0131 art\u00e7\u0131 sars\u0131nt\u0131lara kar\u015f\u0131 dikkatli olmalar\u0131 konusunda uyar\u0131ld\u0131.<\/p>\n\n\n\n<p><strong>G\u00fcnerkenAyval\u0131k<\/strong><\/p>\n\n\n\n<p><\/p>\n","protected":false},"excerpt":{"rendered":"<p>Marmara B\u00f6lgesi&#8217;nde Ger\u00e7ekle\u015fen Deprem Bursa, \u0130stanbul ve \u00c7evre \u0130llerde Hissedildi Marmara Denizi&#8217;nde TS\u0130 10.42&#8217;de meydana gelen 5.1 b\u00fcy\u00fckl\u00fc\u011f\u00fcndeki deprem, Bursa, \u0130stanbul ve \u00e7evre illerde pani\u011fe neden oldu. Afet ve Acil Durum Y\u00f6netimi Ba\u015fkanl\u0131\u011f\u0131 (AFAD) depremin b\u00fcy\u00fckl\u00fc\u011f\u00fcn\u00fc 5.1 olarak a\u00e7\u0131klarken, Bo\u011fazi\u00e7i \u00dcniversitesi Kandilli Rasathanesi ise 4.9 olarak \u00f6l\u00e7t\u00fc. AFAD, depremin merkez \u00fcss\u00fcn\u00fcn Bursa&#8217;n\u0131n Mudanya il\u00e7esi a\u00e7\u0131klar\u0131nda [&hellip;]<\/p>\n","protected":false},"author":2,"featured_media":409,"comment_status":"open","ping_status":"open","sticky":false,"template":"","format":"standard","meta":{"sb_editor_width":"","footnotes":""},"categories":[1],"tags":[29,35,18,19],"relative_dates":{"created":"2 sene ago","modified":"2 sene ago"},"_links":{"self":[{"href":"http:\/\/www.gundemayvalik.com\/index.php\/wp-json\/wp\/v2\/posts\/408"}],"collection":[{"href":"http:\/\/www.gundemayvalik.com\/index.php\/wp-json\/wp\/v2\/posts"}],"about":[{"href":"http:\/\/www.gundemayvalik.com\/index.php\/wp-json\/wp\/v2\/types\/post"}],"author":[{"embeddable":true,"href":"http:\/\/www.gundemayvalik.com\/index.php\/wp-json\/wp\/v2\/users\/2"}],"replies":[{"embeddable":true,"href":"http:\/\/www.gundemayvalik.com\/index.php\/wp-json\/wp\/v2\/comments?post=408"}],"version-history":[{"count":1,"href":"http:\/\/www.gundemayvalik.com\/index.php\/wp-json\/wp\/v2\/posts\/408\/revisions"}],"predecessor-version":[{"id":410,"href":"http:\/\/www.gundemayvalik.com\/index.php\/wp-json\/wp\/v2\/posts\/408\/revisions\/410"}],"wp:featuredmedia":[{"embeddable":true,"href":"http:\/\/www.gundemayvalik.com\/index.php\/wp-json\/wp\/v2\/media\/409"}],"wp:attachment":[{"href":"http:\/\/www.gundemayvalik.com\/index.php\/wp-json\/wp\/v2\/media?parent=408"}],"wp:term":[{"taxonomy":"category","embeddable":true,"href":"http:\/\/www.gundemayvalik.com\/index.php\/wp-json\/wp\/v2\/categories?post=408"},{"taxonomy":"post_tag","embeddable":true,"href":"http:\/\/www.gundemayvalik.com\/index.php\/wp-json\/wp\/v2\/tags?post=408"}],"curies":[{"name":"wp","href":"https:\/\/api.w.org\/{rel}","templated":true}]}}